{"id":1500,"date":"2023-07-01T10:45:19","date_gmt":"2023-07-01T08:45:19","guid":{"rendered":"https:\/\/numpex.org\/numpex-se-lance-dans-laction-avec-un-programme-ambitieux-a-perros-guirrec\/"},"modified":"2026-08-05T15:43:17","modified_gmt":"2026-08-05T13:43:17","slug":"numpex-se-lance-dans-laction-avec-un-programme-ambitieux-a-perros-guirrec","status":"publish","type":"post","link":"https:\/\/numpex.org\/fr\/numpex-se-lance-dans-laction-avec-un-programme-ambitieux-a-perros-guirrec\/","title":{"rendered":"NumPEx se lance dans l&rsquo;action avec un programme ambitieux \u00e0 Perros-Guirrec"},"content":{"rendered":"<h2 style=\"text-align: center\"><strong>Au cours d&rsquo;une s\u00e9rie de sessions dynamiques organis\u00e9es du<sup>26<\/sup> au<sup>28<\/sup> juin dans la charmante ville de Perros-Guirrec, NumPEx s&rsquo;est lanc\u00e9 dans un \u00e9v\u00e9nement de lancement intensif, pr\u00e9parant le terrain pour un voyage transformateur dans le domaine du calcul Exascale. Dirigeants, experts et collaborateurs se sont r\u00e9unis pour se pencher sur un programme riche en enseignements. <\/strong><strong>tions, des ateliers et des initiatives de collabora<\/strong><strong>initiatives de collaboration<\/strong><strong>s.<\/strong><\/h2>\n<figure id=\"attachment_1462\" aria-describedby=\"caption-attachment-1462\" style=\"width: 840px\" class=\"wp-caption aligncenter\"><a href=\"https:\/\/numpex.naospowered1.wpenginepowered.com\/numpex-launches-into-action-with-an-ambitious-kick-off-agenda-in-perros-guirrec\/numpex-plage\/\" rel=\"attachment wp-att-1461\"><img decoding=\"async\" class=\"wp-image-1461 size-large\" src=\"https:\/\/numpex.naospowered1.wpenginepowered.com\/wp-content\/uploads\/sites\/6\/2023\/11\/numpex-plage-1024x517.jpg\" alt=\"numpex-plage_KO23\" width=\"840\" height=\"424\" srcset=\"https:\/\/numpex.org\/wp-content\/uploads\/sites\/6\/2023\/11\/numpex-plage-1024x517.jpg 1024w, https:\/\/numpex.org\/wp-content\/uploads\/sites\/6\/2023\/11\/numpex-plage-300x152.jpg 300w, https:\/\/numpex.org\/wp-content\/uploads\/sites\/6\/2023\/11\/numpex-plage-768x388.jpg 768w, https:\/\/numpex.org\/wp-content\/uploads\/sites\/6\/2023\/11\/numpex-plage-1536x776.jpg 1536w, https:\/\/numpex.org\/wp-content\/uploads\/sites\/6\/2023\/11\/numpex-plage-2048x1035.jpg 2048w, https:\/\/numpex.org\/wp-content\/uploads\/sites\/6\/2023\/11\/numpex-plage-350x177.jpg 350w, https:\/\/numpex.org\/wp-content\/uploads\/sites\/6\/2023\/11\/numpex-plage-scaled.jpg 2560w\" sizes=\"(max-width: 840px) 100vw, 840px\" \/><\/a><figcaption id=\"caption-attachment-1462\" class=\"wp-caption-text\">Tous les participants au Kick-Off de NumPEx<\/figcaption><\/figure>\n<p>Le <strong>coup d&rsquo;envoi a commenc\u00e9 par une<\/strong> introduction d\u00e9taill\u00e9e, soulignant les objectifs et l&rsquo;importance du programme NumPEx, qui vise \u00e0 \u00e9tablir une vision commune et \u00e0 encourager la collaboration pour mettre en \u0153uvre une pile logicielle coh\u00e9rente et les processus connexes d&rsquo;ici 2025, au b\u00e9n\u00e9fice non seulement de la France mais aussi de l&rsquo;Europe, en pr\u00e9paration de la machine Exascale. Des personnalit\u00e9s telles que J\u00e9r\u00f4me Bobin, Michel Dayde et Jean-Yves Berthou ont expliqu\u00e9 les objectifs et la structure organisationnelle du programme. Les membres du conseil d&rsquo;administration ont partag\u00e9 leurs points de vue sur la vision et les feuilles de route Exascale :  <\/p>\n<p><strong>Vision et feuille de route Exascale de GENCI :<\/strong><\/p>\n<ul>\n<li>Pr\u00e9sentation du r\u00f4le et des missions de GENCI, y compris l&rsquo;h\u00e9bergement du projet Exascale pour EuroHPC.<\/li>\n<li>Partenariat avec EuroHPC et d&rsquo;autres acteurs dans le cadre de l&rsquo;initiative europ\u00e9enne en mati\u00e8re de calcul intensif, en s&rsquo;appuyant sur PRACE et GEANT.<\/li>\n<li>Pr\u00e9sentation du consortium Jules Verne, mettant en avant les partenariats internationaux et industriels.<\/li>\n<li>Vision de la machine europ\u00e9enne Exascale : relever les d\u00e9fis soci\u00e9taux, encourager l&rsquo;innovation et mettre l&rsquo;accent sur la convergence HPC\/IA centr\u00e9e sur les donn\u00e9es.<\/li>\n<li>Plans de collaboration avec NumPEx, y compris l&rsquo;\u00e9laboration d&rsquo;un programme fonctionnel, le d\u00e9veloppement de r\u00e9f\u00e9rences et la promotion du produit.<\/li>\n<\/ul>\n<p><strong>Vision et feuille de route Eviden Exascale :<\/strong><\/p>\n<ul>\n<li>L&rsquo;approche complexe d&rsquo;Eviden implique des technologies HPC, HPDA, IA et quantiques, avec un accent sur les composantes souveraines et europ\u00e9ennes.<\/li>\n<li>Participation au processeur int\u00e9gr\u00e9 europ\u00e9en pour les machines Exascale (SiPearl) et collaboration \u00e0 divers projets technologiques.<\/li>\n<li>Collaboration avec le CEPP pour le soutien des applications et la participation \u00e0 des projets technologiques li\u00e9s \u00e0 Exascale, \u00e0 la quantique, \u00e0 l&rsquo;informatique en nuage, etc.<\/li>\n<\/ul>\n<p><strong>\u00c9cosyst\u00e8me national et europ\u00e9en :<\/strong><\/p>\n<ul>\n<li>Introduction d&rsquo;EUPEX, un projet de 4 ans avec un budget similaire \u00e0 NumPEx, visant \u00e0 d\u00e9ployer un syst\u00e8me modulaire Exascale en utilisant l&rsquo;architecture OpenSequana.<\/li>\n<li>Collaboration avec NumPEx, possibilit\u00e9 de partager des exp\u00e9riences et des r\u00e9sultats, et exploration d&rsquo;une diffusion commune.<\/li>\n<li>Pr\u00e9sentation de Data Direct Network (DDN) avec un accent sur l&rsquo;IA et le syst\u00e8me de fichiers parall\u00e8les Lustre, soulignant les d\u00e9fis et l&rsquo;importance de comprendre les applications NumPEx.<\/li>\n<\/ul>\n<p>L&rsquo;apr\u00e8s-midi s&rsquo;est poursuivie par une visite des cinq projets (PC) du programme NumPEx :<\/p>\n<ul>\n<li><strong>Exa-MA<\/strong>, qui vise \u00e0 concevoir des algorithmes et des m\u00e9thodes num\u00e9riques \u00e9volutifs pour les prochaines machines exascales. Dirig\u00e9 par Christophe Prudhomme (Universit\u00e9 de Strasbourg) et H\u00e9l\u00e8ne Barucq (Inria). <\/li>\n<li><strong>Exa-Soft<\/strong>, pour d\u00e9velopper une pile logicielle coh\u00e9rente, portable, efficace et r\u00e9sistante pour l&rsquo;exascale. Dirig\u00e9 par Raymond Namyst (Inria) et Alfredo Buttari (CNRS &#8211; Centre national de la recherche scientifique). <\/li>\n<li><strong>Exa-DoST<\/strong>, pour relever les d\u00e9fis li\u00e9s aux donn\u00e9es, notamment le stockage, les E\/S, le traitement in situ et l&rsquo;analyse intelligente, dans les superordinateurs exascales. Dirig\u00e9 par Gabriel Antoniu (Inria) et Julien Bigot (CEA). <\/li>\n<li><strong>Exa-ATOW<\/strong>, pour traiter les flux de travail \u00e0 grande \u00e9chelle impliquant des machines exascales. Dirig\u00e9 par Fran\u00e7ois Bodin (Universit\u00e9 de Rennes), Mark Asch (Universit\u00e9 de Picardie Jules Verne (UPJV)), et Thierry Deutsch (CEA). <\/li>\n<li><strong>Exa-DI<\/strong>, pour assurer la co-conception transversale et la productivit\u00e9 des logiciels pour les supercalculateurs exascales. Dirig\u00e9 par Jean-Pierre Vilotte (CNRS) et Val\u00e9rie Brenner (CEA). <\/li>\n<\/ul>\n<p>La journ\u00e9e s&rsquo;est termin\u00e9e en mettant l&rsquo;accent sur les efforts de collaboration entre NumPEx et d&rsquo;autres initiatives, notamment en ce qui concerne le d\u00e9veloppement d&rsquo;\u00e9talons, les liens entre les logiciels et le mat\u00e9riel, et l&rsquo;objectif global de se pr\u00e9parer aux d\u00e9fis de l&rsquo;\u00e8re Exascale.<\/p>\n<p><a href=\"https:\/\/numpex.naospowered1.wpenginepowered.com\/numpex-launches-into-action-with-an-ambitious-kick-off-agenda-in-perros-guirrec\/img_6660\/\" rel=\"attachment wp-att-1463\"><img decoding=\"async\" class=\"size-medium wp-image-1463 aligncenter\" src=\"https:\/\/numpex.naospowered1.wpenginepowered.com\/wp-content\/uploads\/sites\/6\/2023\/11\/IMG_6660-300x225.jpg\" alt=\"KO_NumPEx_23_1\" width=\"300\" height=\"225\" srcset=\"https:\/\/numpex.org\/wp-content\/uploads\/sites\/6\/2023\/11\/IMG_6660-300x225.jpg 300w, https:\/\/numpex.org\/wp-content\/uploads\/sites\/6\/2023\/11\/IMG_6660-1024x768.jpg 1024w, https:\/\/numpex.org\/wp-content\/uploads\/sites\/6\/2023\/11\/IMG_6660-768x576.jpg 768w, https:\/\/numpex.org\/wp-content\/uploads\/sites\/6\/2023\/11\/IMG_6660-1536x1152.jpg 1536w, https:\/\/numpex.org\/wp-content\/uploads\/sites\/6\/2023\/11\/IMG_6660-350x263.jpg 350w, https:\/\/numpex.org\/wp-content\/uploads\/sites\/6\/2023\/11\/IMG_6660.jpg 2016w\" sizes=\"(max-width: 300px) 100vw, 300px\" \/><\/a><\/p>\n<p><strong>La deuxi\u00e8me journ\u00e9e<\/strong> a d\u00e9but\u00e9 par un jogging matinal revigorant le long du bord de mer, donnant un ton dynamique \u00e0 une journ\u00e9e remplie d&rsquo;ateliers th\u00e9matiques. Les participants ont particip\u00e9 \u00e0 des discussions cibl\u00e9es sur les synergies \u00e9nerg\u00e9tiques, l&rsquo;int\u00e9gration du GPU, les applications, la coconception, le genre, la diversit\u00e9 et l&rsquo;\u00e9quit\u00e9, l&rsquo;int\u00e9gration de la production de logiciels, la formation, la r\u00e9silience, les collaborations internationales et l&rsquo;intelligence artificielle. Des ateliers th\u00e9matiques, anim\u00e9s par des experts du domaine, ont favoris\u00e9 la collaboration au sein de groupes plus restreints, soulignant l&rsquo;engagement du programme en faveur d&rsquo;une approche transversale des d\u00e9fis de l&rsquo;Exascale.  <\/p>\n<p>&nbsp;<\/p>\n<p><a href=\"https:\/\/numpex.naospowered1.wpenginepowered.com\/numpex-launches-into-action-with-an-ambitious-kick-off-agenda-in-perros-guirrec\/img_6725\/\" rel=\"attachment wp-att-1465\"><img decoding=\"async\" class=\"size-medium wp-image-1465 aligncenter\" src=\"https:\/\/numpex.naospowered1.wpenginepowered.com\/wp-content\/uploads\/sites\/6\/2023\/11\/IMG_6725-225x300.jpg\" alt=\"KO_NumPEx_23_2\" width=\"225\" height=\"300\" srcset=\"https:\/\/numpex.org\/wp-content\/uploads\/sites\/6\/2023\/11\/IMG_6725-225x300.jpg 225w, https:\/\/numpex.org\/wp-content\/uploads\/sites\/6\/2023\/11\/IMG_6725-768x1024.jpg 768w, https:\/\/numpex.org\/wp-content\/uploads\/sites\/6\/2023\/11\/IMG_6725-1152x1536.jpg 1152w, https:\/\/numpex.org\/wp-content\/uploads\/sites\/6\/2023\/11\/IMG_6725-350x467.jpg 350w\" sizes=\"(max-width: 225px) 100vw, 225px\" \/><\/a><\/p>\n<p><strong>Le dernier jour a commenc\u00e9 par<\/strong> une synth\u00e8se des r\u00e9sultats de l&rsquo;atelier, soulignant la profondeur des discussions dans chaque domaine th\u00e9matique. Les animateurs des ateliers ont consolid\u00e9 leurs connaissances, offrant une vue panoramique des d\u00e9fis et des opportunit\u00e9s. Voici un aper\u00e7u des principales id\u00e9es et actions strat\u00e9giques discut\u00e9es lors de ces ateliers :  <\/p>\n<h3 style=\"text-align: center\"><strong>Atelier sur les acc\u00e9l\u00e9rateurs de GPU<\/strong><\/h3>\n<p>Lors d&rsquo;un atelier consacr\u00e9 aux acc\u00e9l\u00e9rateurs de GPU, les experts ont soulign\u00e9 le r\u00f4le essentiel des unit\u00e9s de traitement graphique (GPU) dans la r\u00e9alisation d&rsquo;un calcul \u00e0 grande \u00e9chelle. \u00c9tant donn\u00e9 que 90 \u00e0 99 % des performances des grandes machines sont attribu\u00e9es \u00e0 l&rsquo;acc\u00e9l\u00e9ration des GPU, l&rsquo;atelier a mis en \u00e9vidence la n\u00e9cessit\u00e9 pour les applications d&rsquo;explorer le potentiel de ces puissants processeurs. Parmi les d\u00e9fis abord\u00e9s figurent les nouveaux paradigmes de programmation, la portabilit\u00e9 du code, la gestion des donn\u00e9es et le paysage mat\u00e9riel induit par les jeux et l&rsquo;intelligence artificielle. L&rsquo;atelier a pr\u00e9sent\u00e9 un plan complet, comprenant des ateliers futurs, des documents d&rsquo;analyse, des tutoriels, des hackathons et des exemples de mini-applications port\u00e9es avec succ\u00e8s.   <\/p>\n<h3 style=\"text-align: center\"><strong>Atelier sur l&rsquo;\u00e9nergie<\/strong><\/h3>\n<p>L&rsquo;atelier sur l&rsquo;\u00e9nergie s&rsquo;est concentr\u00e9 sur la r\u00e9alisation d&rsquo;un calcul Exascale dans une limite de consommation d&rsquo;\u00e9nergie de 20 MW. Les experts se sont pench\u00e9s sur les dimensions environnementales, scientifiques, techniques et soci\u00e9tales, fournissant une feuille de route pour la communaut\u00e9 HPC. Les principaux d\u00e9fis identifi\u00e9s sont la mod\u00e9lisation de la consommation des syst\u00e8mes, les outils de mesure en temps r\u00e9el, la hi\u00e9rarchisation des ressources en fonction de l&rsquo;impact soci\u00e9tal et l&rsquo;impact environnemental plus large des activit\u00e9s de recherche. Le plan d&rsquo;action pr\u00e9voit l&rsquo;\u00e9laboration d&rsquo;un mod\u00e8le de performance et de consommation, de strat\u00e9gies d&rsquo;optimisation, d&rsquo;outils pour les utilisateurs et le d\u00e9veloppement de liens avec des entit\u00e9s externes afin d&rsquo;int\u00e9grer des consid\u00e9rations \u00e9nerg\u00e9tiques.   <\/p>\n<h3 style=\"text-align: center\"><strong>S\u00e9minaire sur l&rsquo;\u00e9quit\u00e9 entre les sexes et la diversit\u00e9<\/strong><\/h3>\n<p>Le plan d&rsquo;action comprend l&rsquo;\u00e9tablissement d&rsquo;un code de conduite, l&rsquo;\u00e9valuation de la r\u00e9partition des sexes, la cr\u00e9ation d&rsquo;une plateforme web pour les ressources, des initiatives d&rsquo;\u00e9ducation et de formation, des programmes de sensibilisation et de vulgarisation, ainsi qu&rsquo;un engagement en faveur de l&rsquo;accessibilit\u00e9 et de la reconnaissance. NumPEx vise \u00e0 cr\u00e9er un avenir inclusif et collaboratif, en invitant toutes les parties prenantes \u00e0 contribuer aux initiatives. <\/p>\n<h3 style=\"text-align: center\"><strong>Atelier sur l&rsquo;IA<\/strong><\/h3>\n<p>L&rsquo;atelier sur l&rsquo;IA a explor\u00e9 l&rsquo;intersection critique du calcul intensif et de l&rsquo;IA, en abordant les d\u00e9fis et en esquissant un plan strat\u00e9gique pour une exploration collaborative. Les principales discussions ont port\u00e9 sur les outils d&rsquo;aide \u00e0 la d\u00e9cision pour les applications d&rsquo;IA dans le domaine du calcul intensif, l&rsquo;optimisation des temps d&rsquo;ex\u00e9cution des mod\u00e8les d&rsquo;IA et la convergence des utilisations du calcul intensif et de l&rsquo;IA. Le plan d&rsquo;action pr\u00e9voit la cr\u00e9ation d&rsquo;un groupe de travail sur l&rsquo;IA, l&rsquo;organisation d&rsquo;ateliers transversaux et l&rsquo;\u00e9laboration d&rsquo;\u00e9l\u00e9ments fondamentaux pour un avenir convergent.  <\/p>\n<h3 style=\"text-align: center\"><strong>Atelier sur les strat\u00e9gies de formation<\/strong><\/h3>\n<p>L&rsquo;atelier sur les strat\u00e9gies de formation a abord\u00e9 les complexit\u00e9s de la formation dans le contexte de l&rsquo;\u00e8re exascale qui s&rsquo;annonce. Les discussions ont port\u00e9 sur la port\u00e9e et les sujets des programmes de formation, la cr\u00e9ation de mod\u00e8les de formation durables et les consid\u00e9rations \u00e9conomiques dans les initiatives de formation. L&rsquo;atelier a mis l&rsquo;accent sur des initiatives de formation collaboratives et inclusives afin de pr\u00e9parer la communaut\u00e9 scientifique aux d\u00e9fis et aux opportunit\u00e9s de l&rsquo;informatique exascale.  <\/p>\n<h3 style=\"text-align: center\"><strong>Atelier sur les collaborations internationales<\/strong><\/h3>\n<p>L&rsquo;atelier sur les collaborations internationales s&rsquo;est concentr\u00e9 sur l&rsquo;identification des d\u00e9fis et la d\u00e9finition d&rsquo;objectifs pour des cadres de collaboration renforc\u00e9s \u00e0 l&rsquo;\u00e9chelle europ\u00e9enne et mondiale. Les discussions ont port\u00e9 sur les d\u00e9fis scientifiques et technologiques, la conception et le d\u00e9veloppement de la pile logicielle exascale et les plans d&rsquo;action strat\u00e9giques. La feuille de route esquiss\u00e9e comprend l&rsquo;organisation d&rsquo;ateliers, l&rsquo;\u00e9change d&rsquo;id\u00e9es et d&rsquo;exp\u00e9riences et le renforcement des collaborations avec des entit\u00e9s internationales.  <\/p>\n<h3 style=\"text-align: center\"><strong>Atelier d&rsquo;int\u00e9gration des centres nationaux<\/strong><\/h3>\n<p>L&rsquo;atelier d&rsquo;int\u00e9gration des centres nationaux visait \u00e0 aligner NumPEx sur les infrastructures HPC, en mettant l&rsquo;accent sur les \u00e9l\u00e9ments op\u00e9rationnels entre les centres de calcul et les projets cibl\u00e9s par NumPEx. Les discussions ont port\u00e9 sur l&rsquo;\u00e9valuation op\u00e9rationnelle, la cybers\u00e9curit\u00e9, le profilage professionnel et la tra\u00e7abilit\u00e9. L&rsquo;atelier a \u00e9tabli un plan de vid\u00e9oconf\u00e9rences r\u00e9guli\u00e8res, garantissant une communication et une collaboration continues.  <\/p>\n<h3 style=\"text-align: center\"><strong>Atelier de production de logiciels<\/strong><\/h3>\n<p>L&rsquo;atelier sur la production de logiciels s&rsquo;est concentr\u00e9 sur la rationalisation des pratiques de d\u00e9veloppement de logiciels dans le domaine du calcul intensif. Parmi les d\u00e9fis abord\u00e9s, citons la r\u00e9duction des cloisonnements, l&rsquo;application des bonnes pratiques et l&rsquo;amplification de l&rsquo;impact. Les id\u00e9es et les conclusions ont mis en \u00e9vidence les diverses pratiques de d\u00e9veloppement, les mod\u00e8les de durabilit\u00e9 et le d\u00e9ploiement de l&rsquo;int\u00e9gration continue et de la certification. L&rsquo;engagement de NumPEx \u00e0 faire progresser les pratiques de production de logiciels vise \u00e0 favoriser l&rsquo;innovation, la collaboration et le d\u00e9veloppement durable dans le domaine du calcul intensif.   <\/p>\n<h3 style=\"text-align: center\"><strong>Atelier sur la r\u00e9silience Exascale<\/strong><\/h3>\n<p>L&rsquo;atelier \u00ab\u00a0Exascale Resilience Workshop\u00a0\u00bb a permis d&rsquo;aborder les complexit\u00e9s li\u00e9es au d\u00e9ploiement d&rsquo;applications exascales. Les discussions ont port\u00e9 sur les diff\u00e9rentes approches des PC NumPEx, les principaux d\u00e9fis et les choix strat\u00e9giques. Le plan d&rsquo;action comprend l&rsquo;\u00e9num\u00e9ration et l&rsquo;analyse des besoins en mati\u00e8re d&rsquo;applications, l&rsquo;analyse des obstacles \u00e0 l&rsquo;adoption par les biblioth\u00e8ques et l&rsquo;examen minutieux des solutions internationales. NumPEx vise \u00e0 encourager les solutions collaboratives pour am\u00e9liorer la r\u00e9silience des applications \u00e0 l&rsquo;\u00e9chelle mondiale.   <\/p>\n<h3 style=\"text-align: center\"><strong>Applications et atelier de co-conception<\/strong><\/h3>\n<p>L&rsquo;atelier sur les applications et la co-conception a encourag\u00e9 les strat\u00e9gies de co-d\u00e9veloppement pour le d\u00e9veloppement d&rsquo;applications avanc\u00e9es. Les discussions ont port\u00e9 sur les d\u00e9fis de la co-conception, les questions cl\u00e9s pour l&rsquo;exploration collective, l&rsquo;\u00e9tablissement de liens et les initiatives de durabilit\u00e9. L&rsquo;atelier a pr\u00e9par\u00e9 le terrain pour les prochains ateliers sur les projets de cod\u00e9veloppement, en mettant l&rsquo;accent sur la collaboration et l&rsquo;innovation.  <\/p>\n<h2 style=\"text-align: center\"><strong>Alors que les dirigeants font leurs adieux \u00e0 Perros-Guirrec, NumPEx se pr\u00e9pare \u00e0 transformer les visions et les id\u00e9es partag\u00e9es en actions tangibles dans le domaine du calcul Exascale. Le coup d&rsquo;envoi a marqu\u00e9 le d\u00e9but d&rsquo;une collaboration et NumPEx est pr\u00eat \u00e0 prendre la t\u00eate de l&rsquo;innovation scientifique. <\/strong><\/h2>\n<h2 style=\"text-align: center\"><strong>Pour conna\u00eetre les derni\u00e8res mises \u00e0 jour et l&rsquo;\u00e9tat d&rsquo;avancement du programme NumPEx, consultez notre section \u00ab\u00a0Actualit\u00e9s\u00a0\u00bb. Le voyage vers Exascale a commenc\u00e9, et NumPEx est \u00e0 l&rsquo;avant-garde de cette exp\u00e9dition pionni\u00e8re. <\/strong><\/h2>\n<p><a href=\"https:\/\/numpex.naospowered1.wpenginepowered.com\/numpex-launches-into-action-with-an-ambitious-kick-off-agenda-in-perros-guirrec\/img_6756\/\" rel=\"attachment wp-att-1471\"><img decoding=\"async\" class=\"alignleft wp-image-1471\" src=\"https:\/\/numpex.naospowered1.wpenginepowered.com\/wp-content\/uploads\/sites\/6\/2023\/11\/IMG_6756-768x1024.jpg\" alt=\"KO_NumPEx_23_4\" width=\"500\" height=\"375\"><\/a><a href=\"https:\/\/numpex.naospowered1.wpenginepowered.com\/numpex-launches-into-action-with-an-ambitious-kick-off-agenda-in-perros-guirrec\/img_6755\/\" rel=\"attachment wp-att-1469\"><img decoding=\"async\" class=\"alignright wp-image-1469\" src=\"https:\/\/numpex.naospowered1.wpenginepowered.com\/wp-content\/uploads\/sites\/6\/2023\/11\/IMG_6755-768x1024.jpg\" alt=\"KO_NumPEx_23_4\" width=\"500\" height=\"375\"><\/a><a href=\"https:\/\/numpex.naospowered1.wpenginepowered.com\/numpex-launches-into-action-with-an-ambitious-kick-off-agenda-in-perros-guirrec\/img_6754\/\" rel=\"attachment wp-att-1467\"><img decoding=\"async\" class=\"aligncenter wp-image-1467\" src=\"https:\/\/numpex.naospowered1.wpenginepowered.com\/wp-content\/uploads\/sites\/6\/2023\/11\/IMG_6754-768x1024.jpg\" alt=\"KO_NumPEx_23_3\" width=\"500\" height=\"375\"><\/a><\/p>\n","protected":false},"excerpt":{"rendered":"<p>Au cours d&rsquo;une s\u00e9rie de sessions dynamiques organis\u00e9es du26 au28 juin dans la charmante ville de Perros-Guirrec, NumPEx s&rsquo;est lanc\u00e9 [&hellip;]<\/p>\n","protected":false},"author":16,"featured_media":1461,"comment_status":"closed","ping_status":"closed","sticky":false,"template":"","format":"standard","meta":{"_acf_changed":false,"iawp_total_views":43,"footnotes":"","_members_access_role":[],"_members_access_error":""},"categories":[30,31,34,35,36,37],"tags":[],"class_list":["post-1500","post","type-post","status-publish","format-standard","has-post-thumbnail","hentry","category-exa-ma","category-nouvelles","category-exa-atow","category-exa-di","category-exa-dost","category-exa-soft"],"yoast_head":"<!-- This site is optimized with the Yoast SEO plugin v28.3 - https:\/\/yoast.com\/product\/yoast-seo-wordpress\/ -->\n<title>NumPEx se lance dans l&#039;action avec un programme ambitieux \u00e0 Perros-Guirrec - NumPEx<\/title>\n<meta name=\"robots\" content=\"index, follow, max-snippet:-1, max-image-preview:large, max-video-preview:-1\" \/>\n<link rel=\"canonical\" href=\"https:\/\/numpex.org\/fr\/numpex-se-lance-dans-laction-avec-un-programme-ambitieux-a-perros-guirrec\/\" \/>\n<meta property=\"og:locale\" content=\"fr_FR\" \/>\n<meta property=\"og:type\" content=\"article\" \/>\n<meta property=\"og:title\" content=\"NumPEx se lance dans l&#039;action avec un programme ambitieux \u00e0 Perros-Guirrec - NumPEx\" \/>\n<meta property=\"og:description\" content=\"Au cours d&rsquo;une s\u00e9rie de sessions dynamiques organis\u00e9es du26 au28 juin dans la charmante ville de Perros-Guirrec, NumPEx s&rsquo;est lanc\u00e9 [&hellip;]\" \/>\n<meta property=\"og:url\" content=\"https:\/\/numpex.org\/fr\/numpex-se-lance-dans-laction-avec-un-programme-ambitieux-a-perros-guirrec\/\" \/>\n<meta property=\"og:site_name\" content=\"NumPEx\" \/>\n<meta property=\"article:published_time\" content=\"2023-07-01T08:45:19+00:00\" \/>\n<meta property=\"article:modified_time\" content=\"2026-08-05T13:43:17+00:00\" \/>\n<meta property=\"og:image\" content=\"https:\/\/numpex.org\/wp-content\/uploads\/sites\/6\/2023\/11\/numpex-plage-scaled.jpg\" \/>\n\t<meta property=\"og:image:width\" content=\"2560\" \/>\n\t<meta property=\"og:image:height\" content=\"1294\" \/>\n\t<meta property=\"og:image:type\" content=\"image\/jpeg\" \/>\n<meta name=\"author\" content=\"Anne-Laure Pele\" \/>\n<meta name=\"twitter:card\" content=\"summary_large_image\" \/>\n<meta name=\"twitter:label1\" content=\"\u00c9crit par\" \/>\n\t<meta name=\"twitter:data1\" content=\"Anne-Laure Pele\" \/>\n\t<meta name=\"twitter:label2\" content=\"Dur\u00e9e de lecture estim\u00e9e\" \/>\n\t<meta name=\"twitter:data2\" content=\"10 minutes\" \/>\n<script type=\"application\/ld+json\" class=\"yoast-schema-graph\">{\"@context\":\"https:\\\/\\\/schema.org\",\"@graph\":[{\"@type\":\"Article\",\"@id\":\"https:\\\/\\\/numpex.org\\\/fr\\\/numpex-se-lance-dans-laction-avec-un-programme-ambitieux-a-perros-guirrec\\\/#article\",\"isPartOf\":{\"@id\":\"https:\\\/\\\/numpex.org\\\/fr\\\/numpex-se-lance-dans-laction-avec-un-programme-ambitieux-a-perros-guirrec\\\/\"},\"author\":{\"name\":\"Anne-Laure Pele\",\"@id\":\"https:\\\/\\\/numpex.org\\\/fr\\\/#\\\/schema\\\/person\\\/e7179feefc41f0ceb9f3249261862ada\"},\"headline\":\"NumPEx se lance dans l&rsquo;action avec un programme ambitieux \u00e0 Perros-Guirrec\",\"datePublished\":\"2023-07-01T08:45:19+00:00\",\"dateModified\":\"2026-08-05T13:43:17+00:00\",\"mainEntityOfPage\":{\"@id\":\"https:\\\/\\\/numpex.org\\\/fr\\\/numpex-se-lance-dans-laction-avec-un-programme-ambitieux-a-perros-guirrec\\\/\"},\"wordCount\":2074,\"image\":{\"@id\":\"https:\\\/\\\/numpex.org\\\/fr\\\/numpex-se-lance-dans-laction-avec-un-programme-ambitieux-a-perros-guirrec\\\/#primaryimage\"},\"thumbnailUrl\":\"https:\\\/\\\/numpex.org\\\/wp-content\\\/uploads\\\/sites\\\/6\\\/2023\\\/11\\\/numpex-plage-scaled.jpg\",\"articleSection\":[\"Exa-MA\",\"Nouvelles\",\"Exa-AToW\",\"Exa-DI\",\"Exa-DoST\",\"Exa-SofT\"],\"inLanguage\":\"fr-FR\"},{\"@type\":\"WebPage\",\"@id\":\"https:\\\/\\\/numpex.org\\\/fr\\\/numpex-se-lance-dans-laction-avec-un-programme-ambitieux-a-perros-guirrec\\\/\",\"url\":\"https:\\\/\\\/numpex.org\\\/fr\\\/numpex-se-lance-dans-laction-avec-un-programme-ambitieux-a-perros-guirrec\\\/\",\"name\":\"NumPEx se lance dans l'action avec un programme ambitieux \u00e0 Perros-Guirrec - NumPEx\",\"isPartOf\":{\"@id\":\"https:\\\/\\\/numpex.org\\\/fr\\\/#website\"},\"primaryImageOfPage\":{\"@id\":\"https:\\\/\\\/numpex.org\\\/fr\\\/numpex-se-lance-dans-laction-avec-un-programme-ambitieux-a-perros-guirrec\\\/#primaryimage\"},\"image\":{\"@id\":\"https:\\\/\\\/numpex.org\\\/fr\\\/numpex-se-lance-dans-laction-avec-un-programme-ambitieux-a-perros-guirrec\\\/#primaryimage\"},\"thumbnailUrl\":\"https:\\\/\\\/numpex.org\\\/wp-content\\\/uploads\\\/sites\\\/6\\\/2023\\\/11\\\/numpex-plage-scaled.jpg\",\"datePublished\":\"2023-07-01T08:45:19+00:00\",\"dateModified\":\"2026-08-05T13:43:17+00:00\",\"author\":{\"@id\":\"https:\\\/\\\/numpex.org\\\/fr\\\/#\\\/schema\\\/person\\\/e7179feefc41f0ceb9f3249261862ada\"},\"breadcrumb\":{\"@id\":\"https:\\\/\\\/numpex.org\\\/fr\\\/numpex-se-lance-dans-laction-avec-un-programme-ambitieux-a-perros-guirrec\\\/#breadcrumb\"},\"inLanguage\":\"fr-FR\",\"potentialAction\":[{\"@type\":\"ReadAction\",\"target\":[\"https:\\\/\\\/numpex.org\\\/fr\\\/numpex-se-lance-dans-laction-avec-un-programme-ambitieux-a-perros-guirrec\\\/\"]}]},{\"@type\":\"ImageObject\",\"inLanguage\":\"fr-FR\",\"@id\":\"https:\\\/\\\/numpex.org\\\/fr\\\/numpex-se-lance-dans-laction-avec-un-programme-ambitieux-a-perros-guirrec\\\/#primaryimage\",\"url\":\"https:\\\/\\\/numpex.org\\\/wp-content\\\/uploads\\\/sites\\\/6\\\/2023\\\/11\\\/numpex-plage-scaled.jpg\",\"contentUrl\":\"https:\\\/\\\/numpex.org\\\/wp-content\\\/uploads\\\/sites\\\/6\\\/2023\\\/11\\\/numpex-plage-scaled.jpg\",\"width\":2560,\"height\":1294,\"caption\":\"numpex-plage_KO23\"},{\"@type\":\"BreadcrumbList\",\"@id\":\"https:\\\/\\\/numpex.org\\\/fr\\\/numpex-se-lance-dans-laction-avec-un-programme-ambitieux-a-perros-guirrec\\\/#breadcrumb\",\"itemListElement\":[{\"@type\":\"ListItem\",\"position\":1,\"name\":\"Home\",\"item\":\"https:\\\/\\\/numpex.org\\\/fr\\\/\"},{\"@type\":\"ListItem\",\"position\":2,\"name\":\"NumPEx se lance dans l&rsquo;action avec un programme ambitieux \u00e0 Perros-Guirrec\"}]},{\"@type\":\"WebSite\",\"@id\":\"https:\\\/\\\/numpex.org\\\/fr\\\/#website\",\"url\":\"https:\\\/\\\/numpex.org\\\/fr\\\/\",\"name\":\"NumPEx\",\"description\":\"Digital for Exascale\",\"potentialAction\":[{\"@type\":\"SearchAction\",\"target\":{\"@type\":\"EntryPoint\",\"urlTemplate\":\"https:\\\/\\\/numpex.org\\\/fr\\\/?s={search_term_string}\"},\"query-input\":{\"@type\":\"PropertyValueSpecification\",\"valueRequired\":true,\"valueName\":\"search_term_string\"}}],\"inLanguage\":\"fr-FR\"},{\"@type\":\"Person\",\"@id\":\"https:\\\/\\\/numpex.org\\\/fr\\\/#\\\/schema\\\/person\\\/e7179feefc41f0ceb9f3249261862ada\",\"name\":\"Anne-Laure Pele\",\"image\":{\"@type\":\"ImageObject\",\"inLanguage\":\"fr-FR\",\"@id\":\"https:\\\/\\\/secure.gravatar.com\\\/avatar\\\/e8e2872da4b282480c4a6a15316801d247b87c4091bdb5205b286928c2a78ab5?s=96&d=mm&r=g\",\"url\":\"https:\\\/\\\/secure.gravatar.com\\\/avatar\\\/e8e2872da4b282480c4a6a15316801d247b87c4091bdb5205b286928c2a78ab5?s=96&d=mm&r=g\",\"contentUrl\":\"https:\\\/\\\/secure.gravatar.com\\\/avatar\\\/e8e2872da4b282480c4a6a15316801d247b87c4091bdb5205b286928c2a78ab5?s=96&d=mm&r=g\",\"caption\":\"Anne-Laure Pele\"},\"url\":\"https:\\\/\\\/numpex.org\\\/fr\\\/author\\\/jopyal\\\/\"}]}<\/script>\n<!-- \/ Yoast SEO plugin. -->","yoast_head_json":{"title":"NumPEx se lance dans l'action avec un programme ambitieux \u00e0 Perros-Guirrec - NumPEx","robots":{"index":"index","follow":"follow","max-snippet":"max-snippet:-1","max-image-preview":"max-image-preview:large","max-video-preview":"max-video-preview:-1"},"canonical":"https:\/\/numpex.org\/fr\/numpex-se-lance-dans-laction-avec-un-programme-ambitieux-a-perros-guirrec\/","og_locale":"fr_FR","og_type":"article","og_title":"NumPEx se lance dans l'action avec un programme ambitieux \u00e0 Perros-Guirrec - NumPEx","og_description":"Au cours d&rsquo;une s\u00e9rie de sessions dynamiques organis\u00e9es du26 au28 juin dans la charmante ville de Perros-Guirrec, NumPEx s&rsquo;est lanc\u00e9 [&hellip;]","og_url":"https:\/\/numpex.org\/fr\/numpex-se-lance-dans-laction-avec-un-programme-ambitieux-a-perros-guirrec\/","og_site_name":"NumPEx","article_published_time":"2023-07-01T08:45:19+00:00","article_modified_time":"2026-08-05T13:43:17+00:00","og_image":[{"width":2560,"height":1294,"url":"https:\/\/numpex.org\/wp-content\/uploads\/sites\/6\/2023\/11\/numpex-plage-scaled.jpg","type":"image\/jpeg"}],"author":"Anne-Laure Pele","twitter_card":"summary_large_image","twitter_misc":{"\u00c9crit par":"Anne-Laure Pele","Dur\u00e9e de lecture estim\u00e9e":"10 minutes"},"schema":{"@context":"https:\/\/schema.org","@graph":[{"@type":"Article","@id":"https:\/\/numpex.org\/fr\/numpex-se-lance-dans-laction-avec-un-programme-ambitieux-a-perros-guirrec\/#article","isPartOf":{"@id":"https:\/\/numpex.org\/fr\/numpex-se-lance-dans-laction-avec-un-programme-ambitieux-a-perros-guirrec\/"},"author":{"name":"Anne-Laure Pele","@id":"https:\/\/numpex.org\/fr\/#\/schema\/person\/e7179feefc41f0ceb9f3249261862ada"},"headline":"NumPEx se lance dans l&rsquo;action avec un programme ambitieux \u00e0 Perros-Guirrec","datePublished":"2023-07-01T08:45:19+00:00","dateModified":"2026-08-05T13:43:17+00:00","mainEntityOfPage":{"@id":"https:\/\/numpex.org\/fr\/numpex-se-lance-dans-laction-avec-un-programme-ambitieux-a-perros-guirrec\/"},"wordCount":2074,"image":{"@id":"https:\/\/numpex.org\/fr\/numpex-se-lance-dans-laction-avec-un-programme-ambitieux-a-perros-guirrec\/#primaryimage"},"thumbnailUrl":"https:\/\/numpex.org\/wp-content\/uploads\/sites\/6\/2023\/11\/numpex-plage-scaled.jpg","articleSection":["Exa-MA","Nouvelles","Exa-AToW","Exa-DI","Exa-DoST","Exa-SofT"],"inLanguage":"fr-FR"},{"@type":"WebPage","@id":"https:\/\/numpex.org\/fr\/numpex-se-lance-dans-laction-avec-un-programme-ambitieux-a-perros-guirrec\/","url":"https:\/\/numpex.org\/fr\/numpex-se-lance-dans-laction-avec-un-programme-ambitieux-a-perros-guirrec\/","name":"NumPEx se lance dans l'action avec un programme ambitieux \u00e0 Perros-Guirrec - NumPEx","isPartOf":{"@id":"https:\/\/numpex.org\/fr\/#website"},"primaryImageOfPage":{"@id":"https:\/\/numpex.org\/fr\/numpex-se-lance-dans-laction-avec-un-programme-ambitieux-a-perros-guirrec\/#primaryimage"},"image":{"@id":"https:\/\/numpex.org\/fr\/numpex-se-lance-dans-laction-avec-un-programme-ambitieux-a-perros-guirrec\/#primaryimage"},"thumbnailUrl":"https:\/\/numpex.org\/wp-content\/uploads\/sites\/6\/2023\/11\/numpex-plage-scaled.jpg","datePublished":"2023-07-01T08:45:19+00:00","dateModified":"2026-08-05T13:43:17+00:00","author":{"@id":"https:\/\/numpex.org\/fr\/#\/schema\/person\/e7179feefc41f0ceb9f3249261862ada"},"breadcrumb":{"@id":"https:\/\/numpex.org\/fr\/numpex-se-lance-dans-laction-avec-un-programme-ambitieux-a-perros-guirrec\/#breadcrumb"},"inLanguage":"fr-FR","potentialAction":[{"@type":"ReadAction","target":["https:\/\/numpex.org\/fr\/numpex-se-lance-dans-laction-avec-un-programme-ambitieux-a-perros-guirrec\/"]}]},{"@type":"ImageObject","inLanguage":"fr-FR","@id":"https:\/\/numpex.org\/fr\/numpex-se-lance-dans-laction-avec-un-programme-ambitieux-a-perros-guirrec\/#primaryimage","url":"https:\/\/numpex.org\/wp-content\/uploads\/sites\/6\/2023\/11\/numpex-plage-scaled.jpg","contentUrl":"https:\/\/numpex.org\/wp-content\/uploads\/sites\/6\/2023\/11\/numpex-plage-scaled.jpg","width":2560,"height":1294,"caption":"numpex-plage_KO23"},{"@type":"BreadcrumbList","@id":"https:\/\/numpex.org\/fr\/numpex-se-lance-dans-laction-avec-un-programme-ambitieux-a-perros-guirrec\/#breadcrumb","itemListElement":[{"@type":"ListItem","position":1,"name":"Home","item":"https:\/\/numpex.org\/fr\/"},{"@type":"ListItem","position":2,"name":"NumPEx se lance dans l&rsquo;action avec un programme ambitieux \u00e0 Perros-Guirrec"}]},{"@type":"WebSite","@id":"https:\/\/numpex.org\/fr\/#website","url":"https:\/\/numpex.org\/fr\/","name":"NumPEx","description":"Digital for Exascale","potentialAction":[{"@type":"SearchAction","target":{"@type":"EntryPoint","urlTemplate":"https:\/\/numpex.org\/fr\/?s={search_term_string}"},"query-input":{"@type":"PropertyValueSpecification","valueRequired":true,"valueName":"search_term_string"}}],"inLanguage":"fr-FR"},{"@type":"Person","@id":"https:\/\/numpex.org\/fr\/#\/schema\/person\/e7179feefc41f0ceb9f3249261862ada","name":"Anne-Laure Pele","image":{"@type":"ImageObject","inLanguage":"fr-FR","@id":"https:\/\/secure.gravatar.com\/avatar\/e8e2872da4b282480c4a6a15316801d247b87c4091bdb5205b286928c2a78ab5?s=96&d=mm&r=g","url":"https:\/\/secure.gravatar.com\/avatar\/e8e2872da4b282480c4a6a15316801d247b87c4091bdb5205b286928c2a78ab5?s=96&d=mm&r=g","contentUrl":"https:\/\/secure.gravatar.com\/avatar\/e8e2872da4b282480c4a6a15316801d247b87c4091bdb5205b286928c2a78ab5?s=96&d=mm&r=g","caption":"Anne-Laure Pele"},"url":"https:\/\/numpex.org\/fr\/author\/jopyal\/"}]}},"acf":[],"_links":{"self":[{"href":"https:\/\/numpex.org\/fr\/wp-json\/wp\/v2\/posts\/1500","targetHints":{"allow":["GET"]}}],"collection":[{"href":"https:\/\/numpex.org\/fr\/wp-json\/wp\/v2\/posts"}],"about":[{"href":"https:\/\/numpex.org\/fr\/wp-json\/wp\/v2\/types\/post"}],"author":[{"embeddable":true,"href":"https:\/\/numpex.org\/fr\/wp-json\/wp\/v2\/users\/16"}],"replies":[{"embeddable":true,"href":"https:\/\/numpex.org\/fr\/wp-json\/wp\/v2\/comments?post=1500"}],"version-history":[{"count":1,"href":"https:\/\/numpex.org\/fr\/wp-json\/wp\/v2\/posts\/1500\/revisions"}],"predecessor-version":[{"id":3142,"href":"https:\/\/numpex.org\/fr\/wp-json\/wp\/v2\/posts\/1500\/revisions\/3142"}],"wp:featuredmedia":[{"embeddable":true,"href":"https:\/\/numpex.org\/fr\/wp-json\/wp\/v2\/media\/1461"}],"wp:attachment":[{"href":"https:\/\/numpex.org\/fr\/wp-json\/wp\/v2\/media?parent=1500"}],"wp:term":[{"taxonomy":"category","embeddable":true,"href":"https:\/\/numpex.org\/fr\/wp-json\/wp\/v2\/categories?post=1500"},{"taxonomy":"post_tag","embeddable":true,"href":"https:\/\/numpex.org\/fr\/wp-json\/wp\/v2\/tags?post=1500"}],"curies":[{"name":"wp","href":"https:\/\/api.w.org\/{rel}","templated":true}]}}